{"id":2344,"date":"2017-02-22T10:32:55","date_gmt":"2017-02-22T10:32:55","guid":{"rendered":"http:\/\/www.allunitedsports.com\/news\/?p=2344"},"modified":"2017-02-22T10:32:55","modified_gmt":"2017-02-22T10:32:55","slug":"por-uma-melhor-forca-por-hugo-moniz","status":"publish","type":"post","link":"http:\/\/www.allunitedsports.com\/news\/por-uma-melhor-forca-por-hugo-moniz\/","title":{"rendered":"Por uma Melhor For\u00e7a, por Hugo Moniz"},"content":{"rendered":"<p align=\"justify\"><strong>Como profissional de Exerc\u00edcio, vejo uma clara necessidade de melhor promover a import\u00e2ncia do treino de for\u00e7a na vida das pessoas e na sociedade dos dias de hoje.<\/strong><\/p>\n<p align=\"justify\"><a href=\"http:\/\/www.allunitedsports.com\/news\/wp-content\/uploads\/2017\/02\/FD4891D4-CD24-495B-B2AA-B11CD91DFEE9.jpg\"><img loading=\"lazy\" decoding=\"async\" class=\" wp-image-2369 alignleft\" alt=\"FD4891D4-CD24-495B-B2AA-B11CD91DFEE9\" src=\"http:\/\/www.allunitedsports.com\/news\/wp-content\/uploads\/2017\/02\/FD4891D4-CD24-495B-B2AA-B11CD91DFEE9.jpg\" width=\"186\" height=\"236\" \/><\/a>N\u00e3o me estarei a equivocar se considerar que <strong>os profissionais de exerc\u00edcio e sa\u00fade necessitam de se especializar mais no tema For\u00e7a e nos respectivos mecanismos de melhoria da capacidade contr\u00e1ctil do m\u00fasculo<\/strong>. Por isso tamb\u00e9m vejo uma clara oportunidade de mercado para a cria\u00e7\u00e3o de centros de treino exclusivos em treino de for\u00e7a, com padr\u00f5es de qualidade elevados. <strong>Visando uma melhoria do sistema neuro-musculo-articular<\/strong>, no que diz respeito \u00e0 For\u00e7a e Mobilidade, e consequentemente da sa\u00fade.<\/p>\n<p align=\"justify\">Como Personal Trainer sinto que existe cada vez mais o desafio em criar as melhores condi\u00e7\u00f5es de trabalho, para que consigamos apropriar cada est\u00edmulo e respectivas condi\u00e7\u00f5es de treino, na tentativa de tornar mais fortes e melhor adaptados os nossos clientes. Relembro que na evolu\u00e7\u00e3o da esp\u00e9cie\u00a0<strong>&#8220;Os que sobrevivem n\u00e3o s\u00e3o os mais fortes nem os mais r\u00e1pidos, s\u00e3o sim os que se melhor adaptam e muitas vezes de forma paciente&#8221; (Charles Darwin)<\/strong>. Por isso quanto mais saud\u00e1vel for essa adapta\u00e7\u00e3o mais longevidade e melhores condi\u00e7\u00f5es de sobreviv\u00eancia criamos aos nossos clientes.<\/p>\n<p align=\"justify\">Por esta raz\u00e3o destaco, uma vez mais, <strong>quatro \u00e1reas de estudo imprescind\u00edveis para o desenvolvimento futuro da profiss\u00e3o de Personal Trainer<\/strong>:<\/p>\n<p align=\"justify\"><b>A Biomec\u00e2nica do Exerc\u00edcio<\/b>.<\/p>\n<p align=\"justify\">De que forma podemos manipular e adaptar as resist\u00eancias aplicadas a um corpo, respeitando efectivamente as caracter\u00edsticas do indiv\u00edduo? Porque raz\u00e3o escolhemos uma m\u00e1quina guiada, um cabo, um peso livre ou um el\u00e1stico? Estas decis\u00f5es n\u00e3o podem ser aleat\u00f3rias, pois estas situa\u00e7\u00f5es podem aparentemente ser id\u00eanticas mas, no entanto, o seu est\u00edmulo provoca efectivamente respostas bem distintas.<\/p>\n<p align=\"justify\"><b>A Fisiologia Articular.<\/b><\/p>\n<p align=\"justify\">Para o melhor entendimento dos limites de um corpo, quest\u00f5es importantes como estas t\u00eam de se levantar: quais os limites articulares? como e de que forma se relacionam as articula\u00e7\u00f5es com a sua fun\u00e7\u00e3o? qual o seu desenho estrutural? que estruturas existem para nos proteger quando a primeira barreira muscular j\u00e1 n\u00e3o se encontra dispon\u00edvel? E, tudo isto, na Coluna, Ombro, Anca, Joelho, Cotovelo e Tornozelo deveriam ser de conhecimento obrigat\u00f3rio.<\/p>\n<p align=\"justify\"><b>A Fisiologia Muscular.<\/b><\/p>\n<p align=\"justify\">Se estamos a manipular for\u00e7as, em planos e eixos articulares, temos que conhecer onde est\u00e3o as linhas de for\u00e7a internas que melhor ir\u00e3o responder \u00e1 resist\u00eancia. Ou seja, conhecer, por dentro, a capacidade agonista de cada grupo muscular.<\/p>\n<p align=\"justify\"><b>O Sistema Nervoso<\/b>.<\/p>\n<p align=\"justify\">Que nos regula e \u201corquestra\u201d todo um sistema m\u00fasculo-articular altamente complexo de bili\u00f5es de informa\u00e7\u00f5es neurais, que v\u00e3o sendo registadas e identificadas pela perda de mobilidade, controlo e toler\u00e2ncia dos tecidos biol\u00f3gicos.<\/p>\n<p align=\"justify\"><strong><a href=\"http:\/\/www.allunitedsports.com\/news\/wp-content\/uploads\/2017\/02\/hugo_moniz.png\"><img loading=\"lazy\" decoding=\"async\" class=\"alignright  wp-image-2366\" alt=\"hugo_moniz\" src=\"http:\/\/www.allunitedsports.com\/news\/wp-content\/uploads\/2017\/02\/hugo_moniz.png\" width=\"452\" height=\"236\" srcset=\"http:\/\/www.allunitedsports.com\/news\/wp-content\/uploads\/2017\/02\/hugo_moniz.png 1200w, http:\/\/www.allunitedsports.com\/news\/wp-content\/uploads\/2017\/02\/hugo_moniz-300x157.png 300w, http:\/\/www.allunitedsports.com\/news\/wp-content\/uploads\/2017\/02\/hugo_moniz-1024x535.png 1024w, http:\/\/www.allunitedsports.com\/news\/wp-content\/uploads\/2017\/02\/hugo_moniz-1080x565.png 1080w\" sizes=\"auto, (max-width: 452px) 100vw, 452px\" \/><\/a>Quanto melhor os profissionais conseguirem entender o que se passa dentro de um corpo, melhores decis\u00f5es conseguir\u00e3o tomar<\/strong>. Assim, melhor ser\u00e1 promovido o t\u00e3o badalado exerc\u00edcio. Tornando-o assim cada vez mais acess\u00edvel, pela sua precis\u00e3o, efic\u00e1cia, efici\u00eancia e seguran\u00e7a.<\/p>\n<p align=\"justify\">Os clientes necessitam de uma melhor educa\u00e7\u00e3o e de um melhor entendimento sobre a import\u00e2ncia do treino de For\u00e7a no seu dia-a-dia. Mas somente conseguiremos passar essa ess\u00eancia e import\u00e2ncia quando efectivamente come\u00e7armos a utilizar uma linguagem mais coerente, respeitada e cred\u00edvel sobre treino de For\u00e7a. <strong>N\u00e3o podemos cair na simplicidade, temos de realmente demonstrar, junto da nossa sociedade, o nosso verdadeiro grau de import\u00e2ncia para uma sa\u00fade efectivamente mais forte<\/strong>. No entanto esta diferencia\u00e7\u00e3o s\u00f3 poder\u00e1 acontecer se estiver relacionada com uma genu\u00edna preocupa\u00e7\u00e3o para com a sa\u00fade dos clientes.<\/p>\n<p align=\"justify\"><strong>O conhecimento, n\u00e3o deve estar condicionado por marcas comerciais ou tende\u0302ncias de mercado<\/strong>, apenas devemos respeitar e conhecer as caracteri\u0301sticas do corpo \u2013 a \u201cnorma&#8221; &#8211; perceber que leis actuam sobre este (leis da fi\u0301sica, que estamos sujeitos no nosso planeta Terra), e respeitar igualmente um sistema nervoso, sistema esse que regula o nosso complexo estrutural, muscular, hormonal e muito mais&#8230;<\/p>\n<p align=\"justify\">Em todo e qualquer exerc\u00edcio o Treinador tem que ter em considera\u00e7\u00e3o o perfil de resist\u00eancia, as estruturas e limites articulares envolvidos na execu\u00e7\u00e3o desse mesmo exerc\u00edcio, quais os m\u00fasculos com melhor mec\u00e2nica e preponder\u00e2ncia para se oporem a tal demanda, e como est\u00e1 o n\u00edvel de controlo activo do movimento durante a sua execu\u00e7\u00e3o. Este ser\u00e1 um bom resumo para a evolu\u00e7\u00e3o da interven\u00e7\u00e3o de um Personal Trainer no futuro.<\/p>\n<p>&nbsp;<\/p>\n\r\n\t\t<div class='author-shortcodes'>\r\n\t\t\t<div class='author-inner'>\r\n\t\t\t\t<div class='author-image'>\r\n\t\t\t<img src='\/home\/aus\/public_html\/wp-content\/uploads\/et_temp\/advisor-hugo-124005_60x60.png' alt='' \/>\r\n\t\t\t<div class='author-overlay'><\/div>\r\n\t\t<\/div> <!-- .author-image --> \r\n\t\t<div class='author-info'>\r\n\t\t\t<strong>Hugo Moniz<\/strong>\u00a0\u00e9 Mestre em Gest\u00e3o Empresarial pelo INDEG &#8211; BUSINESS SCHOOL, Licenciado em Educa\u00e7\u00e3o F\u00edsica e Desporto pela ULHT, Personal Trainer,\u00a0<span lang=\"EN-US\">Formador EXS e\u00a0<\/span>Founder &amp; CEO EXS Exercise School\r\n\t\t<\/div> <!-- .author-info -->\r\n\t\t\t<\/div> <!-- .author-inner -->\r\n\t\t<\/div> <!-- .author-shortcodes -->\n","protected":false},"excerpt":{"rendered":"<p>Como profissional de Exerc\u00edcio, vejo uma clara necessidade de melhor promover a import\u00e2ncia do treino de for\u00e7a na vida das pessoas e na sociedade dos dias de hoje. N\u00e3o me estarei a equivocar se considerar que os profissionais de exerc\u00edcio e sa\u00fade necessitam de se especializar mais no tema For\u00e7a e nos respectivos mecanismos de [&hellip;]<\/p>\n","protected":false},"author":1,"featured_media":0,"comment_status":"open","ping_status":"open","sticky":false,"template":"","format":"standard","meta":{"footnotes":""},"categories":[79,1,18],"tags":[619,617,85,84,80,614,615,618,218,616,421],"class_list":["post-2344","post","type-post","status-publish","format-standard","hentry","category-hugo-moniz","category-novidades","category-opiniao","tag-biomecanica-do-exercicio","tag-capacidade-contractil-do-musculo","tag-fisiologia-articular","tag-fisiologia-muscular","tag-personal-trainer","tag-profissional-de-exercicio","tag-profissional-de-saude","tag-pt","tag-sistema-nervoso","tag-sistema-neuro-musculo-articular","tag-treino-de-forca"],"_links":{"self":[{"href":"http:\/\/www.allunitedsports.com\/news\/wp-json\/wp\/v2\/posts\/2344","targetHints":{"allow":["GET"]}}],"collection":[{"href":"http:\/\/www.allunitedsports.com\/news\/wp-json\/wp\/v2\/posts"}],"about":[{"href":"http:\/\/www.allunitedsports.com\/news\/wp-json\/wp\/v2\/types\/post"}],"author":[{"embeddable":true,"href":"http:\/\/www.allunitedsports.com\/news\/wp-json\/wp\/v2\/users\/1"}],"replies":[{"embeddable":true,"href":"http:\/\/www.allunitedsports.com\/news\/wp-json\/wp\/v2\/comments?post=2344"}],"version-history":[{"count":21,"href":"http:\/\/www.allunitedsports.com\/news\/wp-json\/wp\/v2\/posts\/2344\/revisions"}],"predecessor-version":[{"id":2373,"href":"http:\/\/www.allunitedsports.com\/news\/wp-json\/wp\/v2\/posts\/2344\/revisions\/2373"}],"wp:attachment":[{"href":"http:\/\/www.allunitedsports.com\/news\/wp-json\/wp\/v2\/media?parent=2344"}],"wp:term":[{"taxonomy":"category","embeddable":true,"href":"http:\/\/www.allunitedsports.com\/news\/wp-json\/wp\/v2\/categories?post=2344"},{"taxonomy":"post_tag","embeddable":true,"href":"http:\/\/www.allunitedsports.com\/news\/wp-json\/wp\/v2\/tags?post=2344"}],"curies":[{"name":"wp","href":"https:\/\/api.w.org\/{rel}","templated":true}]}}